{"id":158,"date":"2026-04-25T14:11:01","date_gmt":"2026-04-25T12:11:01","guid":{"rendered":"https:\/\/ogma-insight.fr\/blog\/?p=158"},"modified":"2026-04-25T14:11:04","modified_gmt":"2026-04-25T12:11:04","slug":"financement-opco-2026-panorama-des-prises-en-charge-des-11-operateurs","status":"publish","type":"post","link":"https:\/\/ogma-insight.fr\/blog\/2026\/04\/25\/financement-opco-2026-panorama-des-prises-en-charge-des-11-operateurs\/","title":{"rendered":"Financement OPCO 2026 : panorama des prises en charge des 11 op\u00e9rateurs"},"content":{"rendered":"<p><em>Article mis \u00e0 jour le 24 avril 2026 \u2014 prochaine r\u00e9vision pr\u00e9vue apr\u00e8s l&rsquo;entr\u00e9e en vigueur de la r\u00e9forme TVA au 1er octobre 2026<\/em><\/p>\n<figure style=\"margin:30px 0;\">\n<img decoding=\"async\" src=\"https:\/\/ogma-insight.fr\/blog\/wp-content\/uploads\/2026\/04\/header-formation-opco-2026.jpg\" alt=\"Formation professionnelle financ\u00e9e par les OPCO en 2026\" style=\"width:100%;height:auto;border-radius:8px;\" \/><figcaption style=\"font-size:0.9em;color:#666;text-align:center;font-style:italic;margin-top:8px;\">En 2026, les 11 OPCO redistribuent 10,2 milliards d&rsquo;euros pour financer formation, alternance et reconversion. Photo : Adobe Stock.<\/figcaption><\/figure>\n<div style=\"background-color:#FFF3CD;border-left:4px solid #FFC107;padding:15px;margin:20px 0;\">\n<p><strong>\u26a0\ufe0f Avertissement<\/strong><\/p>\n<p>Cet article a \u00e9t\u00e9 r\u00e9dig\u00e9 avec l&rsquo;assistance d&rsquo;une intelligence artificielle, \u00e0 partir d&rsquo;une consultation des sites officiels des 11 OPCO, de textes r\u00e9glementaires et de sources publiques disponibles \u00e0 la date de r\u00e9daction.<\/p>\n<p>Les montants, plafonds et modalit\u00e9s pr\u00e9sent\u00e9s sont donn\u00e9s <strong>\u00e0 titre strictement indicatif<\/strong>. Les crit\u00e8res de financement peuvent \u00e9voluer en cours d&rsquo;ann\u00e9e en fonction de la consommation des fonds attribu\u00e9s par France Comp\u00e9tences et des d\u00e9cisions des conseils d&rsquo;administration de chaque OPCO.<\/p>\n<p><strong>Important :<\/strong> chaque OPCO d\u00e9finit ses propres bar\u00e8mes, le plus souvent <strong>branche par branche<\/strong>. Les chiffres pr\u00e9sent\u00e9s dans cet article sont soit des valeurs g\u00e9n\u00e9riques (socle hors champ conventionnel), soit des exemples repr\u00e9sentatifs d&rsquo;une branche donn\u00e9e. <strong>Il est indispensable de consulter la fiche correspondant \u00e0 votre IDCC (convention collective) sur le site officiel de votre OPCO avant toute d\u00e9cision.<\/strong><\/p>\n<\/div>\n<h2>Aller directement \u00e0 la section qui vous int\u00e9resse<\/h2>\n<p><strong>Contexte g\u00e9n\u00e9ral :<\/strong> <a href=\"#cadre\">Le cadre transversal 2026<\/a><\/p>\n<p><strong>Par OPCO :<\/strong> <a href=\"#afdas\">AFDAS<\/a> | <a href=\"#akto\">AKTO<\/a> | <a href=\"#atlas\">ATLAS<\/a> | <a href=\"#uniformation\">Uniformation<\/a> | <a href=\"#opco2i\">OPCO 2i<\/a> | <a href=\"#opcoep\">OPCO EP<\/a> | <a href=\"#mobilites\">OPCO Mobilit\u00e9s<\/a> | <a href=\"#sante\">OPCO Sant\u00e9<\/a> | <a href=\"#ocapiat\">OCAPIAT<\/a> | <a href=\"#constructys\">Constructys<\/a> | <a href=\"#opcommerce\">L&rsquo;Opcommerce<\/a><\/p>\n<p><strong>Synth\u00e8se :<\/strong> <a href=\"#reperes\">Rep\u00e8res transversaux 2026<\/a> | <a href=\"#qualiopi\">Qualiopi et OGMA<\/a> | <a href=\"#liens\">Sites officiels<\/a><\/p>\n<h2>Introduction<\/h2>\n<p>L&rsquo;ann\u00e9e 2026 marque une p\u00e9riode de transformation pour les 11 Op\u00e9rateurs de Comp\u00e9tences (OPCO). Entre nouvelles r\u00e8gles de contr\u00f4le, r\u00e9forme de la TVA report\u00e9e au 1er octobre, cr\u00e9ation de la \u00ab\u00a0p\u00e9riode de reconversion\u00a0\u00bb en remplacement de Pro-A, et n\u00e9gociation des nouvelles Conventions d&rsquo;Objectifs et de Moyens 2026-2028, le paysage du financement de la formation professionnelle continue d&rsquo;\u00e9voluer rapidement.<\/p>\n<p>Pour les entreprises, les responsables RH et les organismes de formation, une bonne lecture des dispositifs reste essentielle pour s\u00e9curiser le financement des parcours de comp\u00e9tences. Cet article propose un tour d&rsquo;horizon des principaux crit\u00e8res de prise en charge en vigueur d\u00e9but 2026, op\u00e9rateur par op\u00e9rateur. <strong>Les chiffres cit\u00e9s sont donn\u00e9s \u00e0 titre illustratif : chaque branche professionnelle dispose de ses propres bar\u00e8mes, accessibles sur le site officiel de son OPCO ou via son portail adh\u00e9rent.<\/strong><\/p>\n<h2 id=\"cadre\">Le cadre transversal 2026<\/h2>\n<h3>Un budget sous contrainte<\/h3>\n<p>France Comp\u00e9tences \u2014 l&rsquo;organisme public qui collecte les contributions formation et les redistribue aux OPCO \u2014 a adopt\u00e9 pour 2026 un budget redistribu\u00e9 d&rsquo;environ <strong>10,2 milliards d&rsquo;euros<\/strong>. Pr\u00e8s des trois quarts sont consacr\u00e9s \u00e0 l&rsquo;alternance, avec <strong>835 000 nouveaux contrats d&rsquo;apprentissage<\/strong> pr\u00e9vus et <strong>88 000 contrats de professionnalisation<\/strong>.<\/p>\n<p>L&rsquo;enveloppe d\u00e9di\u00e9e au Plan de D\u00e9veloppement des Comp\u00e9tences des entreprises de moins de 50 salari\u00e9s baisse l\u00e9g\u00e8rement, passant de <strong>550 \u00e0 521 millions d&rsquo;euros<\/strong>.<\/p>\n<h3>Un contr\u00f4le renforc\u00e9 des OPCO<\/h3>\n<p>Trois textes r\u00e9glementaires structurent la gouvernance 2026 :<\/p>\n<ul>\n<li><strong>Deux d\u00e9crets du 28 f\u00e9vrier 2026<\/strong> renforcent le contr\u00f4le des OPCO : plafonnement des frais de gestion, obligations de reporting, tra\u00e7abilit\u00e9 des financements.<\/li>\n<li><strong>Un d\u00e9cret du 19 f\u00e9vrier 2026<\/strong> impose aux OPCO de consacrer au moins <strong>95 %<\/strong> de leurs dotations \u00e0 l&rsquo;alternance (contre 92 % auparavant).<\/li>\n<li><strong>Un arr\u00eat\u00e9 du 26 mars 2026<\/strong> plafonne \u00e0 <strong>4 %<\/strong> les frais de gestion des OPCO, dans l&rsquo;attente de la signature des nouvelles conventions avec l&rsquo;\u00c9tat.<\/li>\n<\/ul>\n<p>Un rapport de l&rsquo;Inspection G\u00e9n\u00e9rale des Affaires Sociales publi\u00e9 en novembre 2025 a parall\u00e8lement demand\u00e9 <strong>200 millions d&rsquo;euros d&rsquo;\u00e9conomies<\/strong> et <strong>1 500 suppressions de postes<\/strong> sur l&rsquo;ensemble des OPCO.<\/p>\n<p>\ud83d\udd17 <a href=\"https:\/\/www.francecompetences.fr\/\" target=\"_blank\" rel=\"noopener noreferrer\">France Comp\u00e9tences<\/a> | \ud83d\udcc4 <a href=\"https:\/\/igas.gouv.fr\/sites\/igas\/files\/2025-11\/Rapport%20Igas%20de%20synth%C3%A8se%20Opco%20(2025-018R)_0.pdf\" target=\"_blank\" rel=\"noopener noreferrer\">Rapport IGAS novembre 2025<\/a><\/p>\n<h3>R\u00e9forme de la TVA : entr\u00e9e en vigueur au 1er octobre 2026<\/h3>\n<p>Apr\u00e8s n\u00e9gociation avec Bercy, les 11 OPCO ont obtenu le report de la r\u00e9forme fiscale du 1er janvier au <strong>1er octobre 2026<\/strong>. Co\u00fbt estim\u00e9 : <strong>160 millions d&rsquo;euros par an<\/strong>, support\u00e9s par France Comp\u00e9tences. Deux OPCO conservent leur exon\u00e9ration : <strong>OPCO Sant\u00e9<\/strong> et <strong>Uniformation<\/strong>.<\/p>\n<h3>La \u00ab\u00a0p\u00e9riode de reconversion\u00a0\u00bb : nouveau dispositif<\/h3>\n<p>Cr\u00e9\u00e9e par la loi du 24 octobre 2025 et entr\u00e9e en vigueur le <strong>1er f\u00e9vrier 2026<\/strong>, la p\u00e9riode de reconversion remplace Pro-A et Transitions Collectives. Elle permet \u00e0 un salari\u00e9 en CDI de se reconvertir tout en conservant son contrat. Prise en charge moyenne : <strong>5 000 \u20ac par parcours<\/strong>, avec un forfait de <strong>9,15 \u20ac\/heure<\/strong> \u00e0 d\u00e9faut d&rsquo;accord de branche.<\/p>\n<h3>Trois v\u00e9rifications syst\u00e9matiques pour tout contrat d&rsquo;apprentissage<\/h3>\n<p>Depuis janvier 2026, les OPCO v\u00e9rifient syst\u00e9matiquement :<\/p>\n<ol>\n<li>L&rsquo;absence d&rsquo;interdiction de recruter des apprentis<\/li>\n<li>La conformit\u00e9 du CFA \u00e0 ses habilitations<\/li>\n<li><strong>La certification Qualiopi de l&rsquo;organisme de formation<\/strong><\/li>\n<\/ol>\n<figure style=\"margin:30px 0;\">\n<img decoding=\"async\" src=\"https:\/\/ogma-insight.fr\/blog\/wp-content\/uploads\/2026\/04\/cadre-transversal-opco-2026.jpg\" alt=\"Analyse des crit\u00e8res de financement OPCO 2026\" style=\"width:100%;height:auto;border-radius:8px;\" \/><figcaption style=\"font-size:0.9em;color:#666;text-align:center;font-style:italic;margin-top:8px;\">D\u00e9crypter les r\u00e8gles de prise en charge OPCO 2026 n\u00e9cessite de combiner cadre national, accords de branche et crit\u00e8res r\u00e9gionaux. Photo : Adobe Stock.<\/figcaption><\/figure>\n<h2 id=\"afdas\">AFDAS \u2014 Culture, m\u00e9dias, sport, tourisme<\/h2>\n<p><img decoding=\"async\" src=\"https:\/\/ogma-insight.fr\/blog\/wp-content\/uploads\/2026\/04\/logo-afdas.png\" alt=\"Logo AFDAS\" style=\"max-height:70px;\" \/><\/p>\n<p><strong>Secteur :<\/strong> Culture, m\u00e9dias, communication, sport, loisirs, tourisme, divertissement (44 branches)<\/p>\n<p>Plafonds Plan de D\u00e9veloppement des Comp\u00e9tences au 1er janvier 2026 : <strong>1 100 \u20ac HT\/an<\/strong> (moins de 11 salari\u00e9s) et <strong>1 800 \u20ac HT\/an<\/strong> (11 \u00e0 49 salari\u00e9s). Plafond horaire : <strong>40 \u20ac\/h<\/strong> par stagiaire. Frais annexes non pris en charge, sauf DROM.<\/p>\n<p>Aide tutorat : <strong>65 \u20ac\/mois pendant 10 mois<\/strong> (entreprises &lt;11 sal. et GE\/GEIQ).<\/p>\n<p><em>Les bar\u00e8mes peuvent varier selon la branche. Consultez votre IDCC sur afdas.com.<\/em><\/p>\n<p>\ud83d\udcc4 <a href=\"https:\/\/www.afdas.com\/actualites\/entreprise\/criteres-de-financements-2026-ce-qui-change-pour-les-entreprises.html\" target=\"_blank\" rel=\"noopener noreferrer\">R\u00e8gles de prise en charge 2026<\/a> | \ud83d\udd17 <a href=\"https:\/\/www.afdas.com\/\" target=\"_blank\" rel=\"noopener noreferrer\">Site officiel AFDAS<\/a><\/p>\n<h2 id=\"akto\">AKTO \u2014 Services \u00e0 forte intensit\u00e9 de main-d&rsquo;\u0153uvre<\/h2>\n<p><img decoding=\"async\" src=\"https:\/\/ogma-insight.fr\/blog\/wp-content\/uploads\/2026\/04\/Capture-decran-2026-04-25-140632.png\" alt=\"Logo AKTO\" style=\"max-height:70px;\" \/><\/p>\n<p><strong>Secteur :<\/strong> Travail temporaire, propret\u00e9, s\u00e9curit\u00e9, h\u00f4tellerie-restauration, restauration rapide, commerce de gros, organismes de formation\u2026 (une trentaine de branches)<\/p>\n<p>AKTO publie ses r\u00e8gles <strong>au fil de l&rsquo;ann\u00e9e, branche par branche<\/strong>. Chaque branche fixe ses propres plafonds. Exemples repr\u00e9sentatifs :<\/p>\n<ul>\n<li><strong>Restauration rapide<\/strong> (IDCC 1501) : Plan de D\u00e9veloppement des Comp\u00e9tences <strong>4 000 \u20ac\/an<\/strong> (&lt;11 sal.), <strong>9 000 \u20ac\/an<\/strong> (11-49 sal.). AFEST <strong>3 600 \u20ac\/an<\/strong>.<\/li>\n<li><strong>H\u00f4tels, Caf\u00e9s, Restaurants<\/strong> (IDCC 1979) : AFEST <strong>3 600 \u20ac\/an<\/strong>, accompagnement parcours AFEST plafonn\u00e9 \u00e0 <strong>1 200 \u20ac<\/strong> (\u22644 jours) ou <strong>2 400 \u20ac<\/strong> (&gt;4 jours).<\/li>\n<li><strong>Travail temporaire<\/strong> (IDCC 1413\/2378) : co\u00fbts p\u00e9dagogiques <strong>100 % dans la limite de 70 heures<\/strong>, r\u00e9mun\u00e9ration plafonn\u00e9e \u00e0 <strong>13 \u20ac\/h<\/strong>, forfait alternance <strong>9,15 \u20ac\/h ou 15 \u20ac\/h<\/strong> selon les publics.<\/li>\n<li><strong>Pr\u00e9vention-s\u00e9curit\u00e9<\/strong> (IDCC 1351) : contribution conventionnelle <strong>0,15 % de la masse salariale<\/strong>. Co\u00fbts p\u00e9dagogiques : <strong>15 \u20ac\/h<\/strong>. Acc\u00e8s conditionn\u00e9 \u00e0 l&rsquo;acquittement de la cotisation 2026 au 28 f\u00e9vrier.<\/li>\n<li><strong>Commerces de gros<\/strong> (IDCC 573) : enveloppe Plan de D\u00e9veloppement des Comp\u00e9tences <strong>6 000 \u20ac\/an<\/strong>, r\u00e9mun\u00e9ration forfait <strong>13 \u20ac\/h<\/strong>.<\/li>\n<li><strong>Organismes de formation<\/strong> (IDCC 1516) : Plan conventionnel <strong>10 000 \u20ac\/an<\/strong>, co\u00fbts p\u00e9dagogiques plafonn\u00e9s \u00e0 <strong>60 \u20ac\/h<\/strong>, r\u00e9mun\u00e9ration forfait <strong>15 \u20ac\/h<\/strong>. CQP Gestionnaire des Dispositifs de Formation : co\u00fbts p\u00e9dagogiques au r\u00e9el plafonn\u00e9s \u00e0 <strong>20 \u20ac\/h<\/strong>, budget frais annexes jusqu&rsquo;\u00e0 <strong>6 000 \u20ac\/parcours<\/strong>.<\/li>\n<li><strong>Interprofession \/ Mayotte :<\/strong> AFEST <strong>25 \u20ac\/h<\/strong>, mobilit\u00e9 avion outre-mer jusqu&rsquo;\u00e0 <strong>1 500 \u20ac\/salari\u00e9<\/strong>.<\/li>\n<\/ul>\n<p><em>Ces exemples illustrent la diversit\u00e9 des bar\u00e8mes d&rsquo;une branche \u00e0 l&rsquo;autre. Il est indispensable de consulter le PDF de votre branche sur akto.fr.<\/em><\/p>\n<p>\ud83d\udcc4 R\u00e8gles par branche (PDF) : <a href=\"https:\/\/www.akto.fr\/public\/pdf\/post-42285.pdf\" target=\"_blank\" rel=\"noopener noreferrer\">HCR<\/a> | <a href=\"https:\/\/www.akto.fr\/public\/pdf\/post-42216.pdf\" target=\"_blank\" rel=\"noopener noreferrer\">Travail temporaire<\/a> | <a href=\"https:\/\/www.akto.fr\/public\/pdf\/post-41759.pdf\" target=\"_blank\" rel=\"noopener noreferrer\">Pr\u00e9vention-s\u00e9curit\u00e9<\/a> | <a href=\"https:\/\/www.akto.fr\/public\/pdf\/post-41931.pdf\" target=\"_blank\" rel=\"noopener noreferrer\">Commerces de gros<\/a> | <a href=\"https:\/\/www.akto.fr\/public\/pdf\/post-42682.pdf\" target=\"_blank\" rel=\"noopener noreferrer\">OF<\/a><\/p>\n<p>\ud83d\udd17 <a href=\"https:\/\/www.akto.fr\/\" target=\"_blank\" rel=\"noopener noreferrer\">Site officiel AKTO<\/a> | <a href=\"https:\/\/www.akto.fr\/conditions-generales\/\" target=\"_blank\" rel=\"noopener noreferrer\">Conditions g\u00e9n\u00e9rales<\/a><\/p>\n<h2 id=\"atlas\">ATLAS \u2014 Banque, assurance, conseil, num\u00e9rique, ing\u00e9nierie<\/h2>\n<p><img decoding=\"async\" src=\"https:\/\/ogma-insight.fr\/blog\/wp-content\/uploads\/2026\/04\/logo-atlas.png\" alt=\"Logo OPCO Atlas\" style=\"max-height:70px;\" \/><\/p>\n<p><strong>Secteur :<\/strong> Banque, assurance, mutualit\u00e9, soci\u00e9t\u00e9s d&rsquo;assurance, bureaux d&rsquo;\u00e9tudes techniques, conseil, num\u00e9rique, ing\u00e9nierie (18 branches)<\/p>\n<p><strong>Actions Collectives Nationales (CampusAtlas)<\/strong> financ\u00e9es \u00e0 <strong>100 %<\/strong> avec quotas par effectif :<\/p>\n<ul>\n<li>Moins de 11 salari\u00e9s : 3 parcours\/an<\/li>\n<li>11-49 salari\u00e9s : 5 parcours\/an<\/li>\n<li>50-299 salari\u00e9s : 7 parcours\/an<\/li>\n<li>300+ salari\u00e9s : 3 % de l&rsquo;effectif<\/li>\n<\/ul>\n<p><strong>Libre acc\u00e8s (hors quota) :<\/strong> toutes formations suivies par un salari\u00e9 BOETH, ainsi que IA\/cyber, management\/tutorat, RSE.<\/p>\n<p><strong>Exemple \u2014 Bureaux d&rsquo;\u00c9tudes Techniques (IDCC 1486) :<\/strong> prise en charge Plan de D\u00e9veloppement des Comp\u00e9tences au forfait <strong>40 \u20ac HT\/h<\/strong>, plafonn\u00e9e \u00e0 <strong>150 h\/formation<\/strong>, dans la limite d&rsquo;un budget annuel de <strong>8 000 \u20ac HT\/entreprise<\/strong>. AFEST : <strong>20 \u20ac\/h plafonn\u00e9e \u00e0 150 h<\/strong>.<\/p>\n<p><strong>Ing\u00e9nierie \u2014 formations ma\u00eetrise d&rsquo;\u0153uvre r\u00e9glementaires :<\/strong> co\u00fbt r\u00e9el plafonn\u00e9 \u00e0 <strong>40 \u20ac HT\/h dans la limite de 250 h<\/strong> par stagiaire, toutes tailles d&rsquo;entreprise.<\/p>\n<p><strong>Banques, March\u00e9s financiers, Soci\u00e9t\u00e9s financi\u00e8res :<\/strong> AFEST \u00e0 <strong>20 \u20ac HT\/h<\/strong>. Pour tout dossier sup\u00e9rieur \u00e0 <strong>15 000 \u20ac HT<\/strong>, obligation de fournir <strong>3 devis<\/strong> en cas de contr\u00f4le.<\/p>\n<p>Priorit\u00e9s 2026 : intelligence artificielle, cloud, cybers\u00e9curit\u00e9, management hybride. <strong>Anglais et permis de conduire exclus du Plan de D\u00e9veloppement des Comp\u00e9tences classique<\/strong> \u00e0 partir de 2026.<\/p>\n<p>Apprentissage : <strong>+20 % NPEC pour les DROM<\/strong>, majoration jusqu&rsquo;\u00e0 <strong>4 000 \u20ac<\/strong> pour RQTH. Aide tutorat : <strong>230 \u20ac\/mois sur 6 mois<\/strong>, major\u00e9e \u00e0 <strong>345 \u20ac\/mois<\/strong> (tuteur 45+ ou public prioritaire).<\/p>\n<p><strong>PSE (plus de 10 personnes) :<\/strong> prise en charge au cas par cas par la CPNE-PSE pour formations, bilans de comp\u00e9tences et VAE.<\/p>\n<p><em>Les bar\u00e8mes sp\u00e9cifiques varient selon la branche. Consultez opco-atlas.fr.<\/em><\/p>\n<p>\ud83d\udcc4 <a href=\"https:\/\/www.opco-atlas.fr\/criteres-financement\" target=\"_blank\" rel=\"noopener noreferrer\">Crit\u00e8res de financement<\/a> | <a href=\"https:\/\/www.opco-atlas.fr\/criteres-financement\/bureaux-detudes-techniques-ingenieurs-et-conseils\" target=\"_blank\" rel=\"noopener noreferrer\">BET (1486)<\/a> | <a href=\"https:\/\/www.opco-atlas.fr\/criteres-financement\/banque\" target=\"_blank\" rel=\"noopener noreferrer\">Banque<\/a> | <a href=\"https:\/\/www.opco-atlas.fr\/criteres-financement\/marches-financiers\" target=\"_blank\" rel=\"noopener noreferrer\">March\u00e9s financiers<\/a> | <a href=\"https:\/\/www.opco-atlas.fr\/criteres-financement\/societes-financieres\" target=\"_blank\" rel=\"noopener noreferrer\">Soci\u00e9t\u00e9s financi\u00e8res<\/a><\/p>\n<p>\ud83d\udd17 <a href=\"https:\/\/www.opco-atlas.fr\/\" target=\"_blank\" rel=\"noopener noreferrer\">Site officiel ATLAS<\/a><\/p>\n<h2 id=\"uniformation\">Uniformation \u2014 Coh\u00e9sion sociale, ESS, associations<\/h2>\n<p><img decoding=\"async\" src=\"https:\/\/ogma-insight.fr\/blog\/wp-content\/uploads\/2026\/04\/logo-uniformation.png\" alt=\"Logo Uniformation\" style=\"max-height:70px;\" \/><\/p>\n<p><strong>Secteur :<\/strong> Coh\u00e9sion sociale, \u00e9conomie sociale et solidaire, associations, habitat social, r\u00e9gies de quartier, insertion par l&rsquo;activit\u00e9 \u00e9conomique<\/p>\n<p><strong>Uniformation n&rsquo;est pas concern\u00e9 par la r\u00e9forme de la TVA<\/strong> (exon\u00e9ration renouvel\u00e9e).<\/p>\n<p><strong>Plan de D\u00e9veloppement des Comp\u00e9tences 2026 g\u00e9n\u00e9rique :<\/strong> entreprises &lt;50 salari\u00e9s : 1 demande\/an, plafonn\u00e9e \u00e0 <strong>5 000 \u20ac<\/strong>. Pour les entreprises hors convention collective, ce plafond ne s&rsquo;applique pas aux certifications RNCP. R\u00e9mun\u00e9ration : forfait <strong>13 \u20ac\/h<\/strong> uniquement &lt;11 sal., sans obligation de remplacement.<\/p>\n<p><strong>Branches sp\u00e9cifiques :<\/strong><\/p>\n<ul>\n<li><strong>Habitat social (ESH) :<\/strong> plafonds <strong>10 000 \u20ac TTC\/an<\/strong> (&lt;50 sal.) ou <strong>15 000 \u20ac TTC\/an<\/strong> (+50 sal.). Co\u00fbt p\u00e9dagogique au r\u00e9el plafonn\u00e9 <strong>30 \u20ac\/h<\/strong>.<\/li>\n<li><strong>R\u00e9gies de quartier :<\/strong> 2 demandes pour 2 salari\u00e9s permanents\/an.<\/li>\n<li><strong>PIC IAE<\/strong> (Insertion par l&rsquo;Activit\u00e9 \u00c9conomique, IAE adh\u00e9rentes) : co\u00fbt p\u00e9dagogique + frais annexes plafonn\u00e9s \u00e0 <strong>39 \u20ac\/h<\/strong>, r\u00e9mun\u00e9ration <strong>1,30 \u20ac\/h<\/strong> (max 10 % de la r\u00e9mun\u00e9ration du stagiaire). Frais de certification pris en charge jusqu&rsquo;\u00e0 <strong>150 \u20ac\/certification<\/strong> pour salari\u00e9s CDDI.<\/li>\n<li><strong>DU Contentieux Sorbonne<\/strong> (salari\u00e9s sous CCN RGSS) : plafond <strong>2 400 \u20ac\/parcours<\/strong>.<\/li>\n<\/ul>\n<p><strong>Actions collectives :<\/strong> plafond <strong>2 000 \u20ac\/jour<\/strong> (pr\u00e9sentiel\/synchrone, 7 h), <strong>1 800 \u20ac\/jour<\/strong> (asynchrone), minimum 5 participants.<\/p>\n<p><strong>Alternance :<\/strong> aide tutorat <strong>115 \u20ac\/mois pendant 4 mois<\/strong>.<\/p>\n<p><em>Les bar\u00e8mes peuvent varier selon la branche. Consultez uniformation.fr.<\/em><\/p>\n<p>\ud83d\udcc4 <a href=\"https:\/\/www.uniformation.fr\/particulier\/salaries\/formation-et-financements\/autres-dispositifs-de-formation\/le-plan-de-developpement-des-competences\/financement\" target=\"_blank\" rel=\"noopener noreferrer\">R\u00e8gles de prise en charge 2026<\/a> | \ud83d\udd17 <a href=\"https:\/\/www.uniformation.fr\/\" target=\"_blank\" rel=\"noopener noreferrer\">Site officiel<\/a><\/p>\n<h2 id=\"opco2i\">OPCO 2i \u2014 Industrie<\/h2>\n<p><img decoding=\"async\" src=\"https:\/\/ogma-insight.fr\/blog\/wp-content\/uploads\/2026\/04\/logo-opco2i.png\" alt=\"Logo OPCO 2i\" style=\"max-height:70px;\" \/><\/p>\n<p><strong>Secteur :<\/strong> Industrie \u2014 m\u00e9tallurgie, chimie, pharmacie, plasturgie, textile, verre, papier-carton, bois, ameublement, caoutchouc, recyclage<\/p>\n<p>OPCO 2i regroupe <strong>32 branches<\/strong> au sein de <strong>11 Sections Paritaires Professionnelles (SPP)<\/strong>, chacune fixant ses propres priorit\u00e9s. Toute demande de prise en charge doit \u00eatre effectu\u00e9e sur <strong>Mon Compte 2i<\/strong> avant le d\u00e9marrage de l&rsquo;action.<\/p>\n<p><strong>Plan de D\u00e9veloppement des Comp\u00e9tences (entreprises &lt;50 salari\u00e9s)<\/strong> \u2014 conditions valid\u00e9es par le Conseil d&rsquo;administration du 18 d\u00e9cembre 2025, applicables au 1er janvier 2026 :<\/p>\n<ul>\n<li>Co\u00fbts p\u00e9dagogiques plafonn\u00e9s \u00e0 <strong>4 800 \u20ac\/an\/entreprise<\/strong> (dans la limite des fonds disponibles)<\/li>\n<li>Plafonds horaires :\n<ul>\n<li><strong>15 \u20ac\/h max<\/strong> pour les langues<\/li>\n<li><strong>20 \u20ac\/h max<\/strong> pour la formation r\u00e9glementaire (dont formations des membres du CSE)<\/li>\n<li><strong>30 \u20ac\/h max<\/strong> pour les formations m\u00e9tiers<\/li>\n<\/ul>\n<\/li>\n<\/ul>\n<p><strong>Versements volontaires :<\/strong> application de frais de gestion de <strong>3 %<\/strong> (versement volontaire total \u2265 300 K\u20ac) ou <strong>4 %<\/strong> (versement volontaire total &lt; 300 K\u20ac).<\/p>\n<p><strong>Apprentissage :<\/strong> contrats \u00e0 transmettre dans les 6 mois suivant la signature.<\/p>\n<p>Priorit\u00e9s 2026 : d\u00e9carbonation industrielle, industrie du futur, maturit\u00e9 digitale, gestion des talents.<\/p>\n<p><em>Les r\u00e8gles de prise en charge peuvent varier par r\u00e9gion et par SPP (tutorat, diagnostic, accompagnement). Contactez votre conseiller formation pour les modalit\u00e9s sp\u00e9cifiques.<\/em><\/p>\n<p>\ud83d\udcc4 <a href=\"https:\/\/www.opco2i.fr\/formation-et-financement\/\" target=\"_blank\" rel=\"noopener noreferrer\">Formation &#038; financement<\/a> | \ud83d\udd17 <a href=\"https:\/\/portail.opco2i.fr\/\" target=\"_blank\" rel=\"noopener noreferrer\">Portail Mon Compte 2i<\/a><\/p>\n<h2 id=\"opcoep\">OPCO EP \u2014 Artisanat, professions lib\u00e9rales, services de proximit\u00e9<\/h2>\n<p><img decoding=\"async\" src=\"https:\/\/ogma-insight.fr\/blog\/wp-content\/uploads\/2026\/04\/logo-opcoep.png\" alt=\"Logo OPCO EP\" style=\"max-height:70px;\" \/><\/p>\n<p><strong>Secteur :<\/strong> Entreprises de proximit\u00e9 \u2014 artisanat, professions lib\u00e9rales, services de proximit\u00e9, coiffure, esth\u00e9tique, boulangerie, pharmacie, immobilier, taxis, particuliers employeurs\u2026<\/p>\n<p>OPCO EP couvre <strong>54 branches<\/strong>, chacune avec ses crit\u00e8res valid\u00e9s par sa SPP. Derni\u00e8re mise \u00e0 jour : 27 mars 2026.<\/p>\n<p><strong>Exemple \u2014 Branche Coiffure (IDCC 2596) :<\/strong><\/p>\n<p>Plafonds Plan de D\u00e9veloppement des Comp\u00e9tences 2026 selon l&rsquo;effectif :<\/p>\n<ul>\n<li>1-2 salari\u00e9s : <strong>2 100 \u20ac HT\/an<\/strong><\/li>\n<li>3-6 salari\u00e9s : <strong>6 300 \u20ac HT\/an<\/strong><\/li>\n<li>7-10 salari\u00e9s : <strong>10 500 \u20ac HT\/an<\/strong><\/li>\n<li>11-49 salari\u00e9s : <strong>35 heures\/an\/salari\u00e9 \u00e0 30 \u20ac HT\/h<\/strong><\/li>\n<\/ul>\n<p>Bar\u00e8mes par type de formation : M\u00e9tier coiffure, transverses, transition \u00e9cologique : <strong>25 \u20ac HT\/h<\/strong> ; CQP hors plafond : <strong>15 \u20ac HT\/h + 500 \u20ac HT 1er \u00e9quipement<\/strong> ; Bilan de comp\u00e9tences : <strong>60 \u20ac HT\/h (24 h max)<\/strong> ; VAE : <strong>40 \u20ac HT\/h<\/strong>.<\/p>\n<p><strong>Catalogue S\u00e9lexion :<\/strong> <strong>100 % pour les moins de 50 salari\u00e9s<\/strong>, 50 % pour les plus de 50 salari\u00e9s.<\/p>\n<p><strong>FSE+ :<\/strong> &lt;50 sal. jusqu&rsquo;\u00e0 <strong>100 %<\/strong> des co\u00fbts p\u00e9dagogiques (50 % FSE + 50 % OPCO EP), plafond <strong>350 \u20ac HT\/jour\/stagiaire<\/strong>, <strong>2 500 \u20ac HT\/groupe\/jour<\/strong>.<\/p>\n<p><strong>Apprentissage\/Pro coiffure :<\/strong> forfait <strong>15 \u20ac HT\/h<\/strong> + 500 \u20ac HT 1er \u00e9quipement. Aide fonction tutorale : <strong>230 \u20ac HT\/mois pendant 6 mois<\/strong> (345 \u20ac si tuteur +45 ans ou public prioritaire).<\/p>\n<p><strong>DROM :<\/strong> +15 % co\u00fbts p\u00e9dagogiques, plafond d\u00e9placement <strong>1 300 \u20ac HT A\/R<\/strong>, nuit\u00e9e <strong>112 \u20ac HT<\/strong> (m\u00e9tropoles\/DROM) ou <strong>96 \u20ac HT<\/strong> (province), repas <strong>19 \u20ac HT<\/strong>.<\/p>\n<p><em>Chaque branche d&rsquo;OPCO EP a ses propres bar\u00e8mes. Consultez votre IDCC sur opcoep.fr.<\/em><\/p>\n<p>\ud83d\udcc4 <a href=\"https:\/\/www.opcoep.fr\/criteres-de-financement\" target=\"_blank\" rel=\"noopener noreferrer\">R\u00e8gles par branche<\/a> | <a href=\"https:\/\/www.opcoep.fr\/criteres-de-financement?branche=201\" target=\"_blank\" rel=\"noopener noreferrer\">Fiche Coiffure<\/a> | \ud83d\udccb <a href=\"https:\/\/www.opcoep.fr\/ressources\/centre-ressources\/juridique\/conditions-generales-gestion-controle-opcoep.pdf\" target=\"_blank\" rel=\"noopener noreferrer\">CGG OPCO EP (PDF)<\/a><\/p>\n<p>\ud83d\udd17 <a href=\"https:\/\/www.opcoep.fr\/\" target=\"_blank\" rel=\"noopener noreferrer\">Site officiel OPCO EP<\/a><\/p>\n<h2 id=\"mobilites\">OPCO Mobilit\u00e9s \u2014 Transport, automobile, logistique<\/h2>\n<p><img decoding=\"async\" src=\"https:\/\/ogma-insight.fr\/blog\/wp-content\/uploads\/2026\/04\/logo-opco-mobilites.png\" alt=\"Logo OPCO Mobilit\u00e9s\" style=\"max-height:70px;\" \/><\/p>\n<p><strong>Secteur :<\/strong> Transport routier, services de l&rsquo;automobile, logistique, transport maritime\/fluvial\/ferroviaire\/a\u00e9rien, agences de voyages, distributeurs-conseils hors domicile<\/p>\n<p>Depuis le 1er janvier 2026, la <strong>dur\u00e9e minimale de formation<\/strong> pour b\u00e9n\u00e9ficier d&rsquo;un financement est fix\u00e9e \u00e0 <strong>1 heure<\/strong>. D\u00e9p\u00f4t des demandes au plus tard le <strong>31 d\u00e9cembre 2026<\/strong> (15 janvier 2027 pour les formations d\u00e9butant entre le 15 et le 31 d\u00e9cembre 2026).<\/p>\n<p><strong>Plan de D\u00e9veloppement des Comp\u00e9tences 2026 \u2014 plafonds par effectif<\/strong> (co\u00fbts p\u00e9dagogiques hors frais annexes et hors co\u00fbts salariaux) :<\/p>\n<ul>\n<li>Moins de 11 salari\u00e9s : <strong>1 500 \u20ac HT\/an<\/strong><\/li>\n<li>11 \u00e0 19 salari\u00e9s : <strong>1 800 \u20ac HT\/an<\/strong><\/li>\n<li>20 \u00e0 29 salari\u00e9s : <strong>2 100 \u20ac HT\/an<\/strong><\/li>\n<li>30 \u00e0 39 salari\u00e9s : <strong>2 400 \u20ac HT\/an<\/strong><\/li>\n<li>40 \u00e0 49 salari\u00e9s : <strong>2 700 \u20ac HT\/an<\/strong><\/li>\n<\/ul>\n<p><strong>Contributions conventionnelles de branche :<\/strong><\/p>\n<ul>\n<li><strong>TRM<\/strong> (transport routier marchandises) : <strong>0,5 % MS<\/strong> obligatoire pour +11 salari\u00e9s<\/li>\n<li><strong>Distributeurs-conseils hors domicile \/ grossistes en boissons<\/strong> : <strong>0,05 % MS<\/strong> pour +11 salari\u00e9s (optionnel &lt;11)<\/li>\n<li>Autres branches contributives : Manutention ferroviaire, Services de l&rsquo;automobile, Transports urbains, Ports de plaisance<\/li>\n<\/ul>\n<p><strong>ProPulsion \u2014 Services de l&rsquo;automobile (IDCC 1090) :<\/strong> dispositif sectoriel 2026-2028, financ\u00e9 \u00e0 <strong>100 %<\/strong> sur budget conventionnel, taux <strong>65 \u20ac HT\/h<\/strong> pour maintenance v\u00e9hicules l\u00e9gers, utilitaires et industriels. Habilitation \u00e9lectrique et climatisation : r\u00e9serv\u00e9 &lt;11 salari\u00e9s. Acc\u00e8s simplifi\u00e9, sans dossier M-Gestion.<\/p>\n<p><strong>Apprentissage (cadre national) :<\/strong> h\u00e9bergement <strong>6 \u20ac HT\/nuit\u00e9e<\/strong>, restauration <strong>3 \u20ac HT\/repas<\/strong> (pension compl\u00e8te 12 \u20ac), 1er \u00e9quipement <strong>500 \u20ac HT<\/strong> max, r\u00e9f\u00e9rent mobilit\u00e9 <strong>500 \u20ac HT<\/strong> obligatoire, majoration RQTH jusqu&rsquo;\u00e0 <strong>4 000 \u20ac HT<\/strong>.<\/p>\n<p><strong>DROM :<\/strong> d\u00e9placements plafonn\u00e9s \u00e0 <strong>1 200 \u20ac HT\/an\/entreprise<\/strong>.<\/p>\n<p><strong>FSE+ 2026 :<\/strong> taux <strong>50 %<\/strong>, forfait r\u00e9mun\u00e9ration <strong>12 \u20ac\/h<\/strong>, d\u00e9p\u00f4t jusqu&rsquo;au <strong>15 mars 2026<\/strong>, minimum 3h30. Au-del\u00e0 de 100 \u20ac HT\/h, 3 devis comparatifs demand\u00e9s.<\/p>\n<p><em>Des financements compl\u00e9mentaires sp\u00e9cifiques existent branche par branche : consultez votre conseiller via M-Gestion.<\/em><\/p>\n<p>\ud83d\udcc4 <a href=\"https:\/\/www.opcomobilites.fr\/entreprise\/financer-mes-formations\/connaitre-les-conditions-de-prise-en-charge-financieres\/connaitre-les-conditions-de-prises-en-charge-financieres\" target=\"_blank\" rel=\"noopener noreferrer\">Conditions de prise en charge 2026<\/a> | <a href=\"https:\/\/www.opcomobilites.fr\/entreprise\/financer-mes-formations\/connaitre-les-conditions-de-prise-en-charge-financieres\/connaitre-les-conditions-de-prises-en-charge-financieres\/financements-complementaires-de-branche\/conditions-financieres-services-de-lautomobile\" target=\"_blank\" rel=\"noopener noreferrer\">ProPulsion Services Auto<\/a> | <a href=\"https:\/\/www.opcomobilites.fr\/beneficier-du-fonds-social-europeen-fse-2026\/\" target=\"_blank\" rel=\"noopener noreferrer\">FSE+ 2026<\/a><\/p>\n<p>\ud83d\udd17 <a href=\"https:\/\/www.opcomobilites.fr\/\" target=\"_blank\" rel=\"noopener noreferrer\">Site officiel OPCO Mobilit\u00e9s<\/a><\/p>\n<h2 id=\"sante\">OPCO Sant\u00e9 \u2014 Sanitaire, m\u00e9dico-social, social priv\u00e9<\/h2>\n<p><img decoding=\"async\" src=\"https:\/\/ogma-insight.fr\/blog\/wp-content\/uploads\/2026\/04\/logo-opco-sante.png\" alt=\"Logo OPCO Sant\u00e9\" style=\"max-height:70px;\" \/><\/p>\n<p><strong>Secteur :<\/strong> Sanitaire, social, m\u00e9dico-social priv\u00e9 \u00e0 but non lucratif, hospitalisation priv\u00e9e, thermalisme, services de pr\u00e9vention et sant\u00e9 au travail inter-entreprises<\/p>\n<p><strong>OPCO Sant\u00e9 n&rsquo;est pas concern\u00e9 par la r\u00e9forme de la TVA<\/strong> (exon\u00e9ration renouvel\u00e9e). Trois branches majeures :<\/p>\n<ul>\n<li><strong>SSSMS<\/strong> : sanitaire, social, m\u00e9dico-social priv\u00e9 \u00e0 but non lucratif<\/li>\n<li><strong>HP<\/strong> : hospitalisation priv\u00e9e<\/li>\n<li><strong>SPSTI<\/strong> : services de pr\u00e9vention et sant\u00e9 au travail inter-entreprises<\/li>\n<\/ul>\n<p><strong>Actualit\u00e9 :<\/strong> nouvelle contribution l\u00e9gale d\u00e9di\u00e9e au financement de l&rsquo;apprentissage dans le SSSMS depuis le <strong>1er mars 2026<\/strong>.<\/p>\n<p><strong>Exemple \u2014 socle hors champ conventionnel :<\/strong><\/p>\n<p><strong>Apprentissage :<\/strong> NPEC France Comp\u00e9tences, participation employeur <strong>750 \u20ac<\/strong> Bac+3 et plus, majoration RQTH jusqu&rsquo;\u00e0 <strong>4 000 \u20ac<\/strong>. Frais annexes : repas <strong>3 \u20ac<\/strong>, nuit\u00e9e <strong>6 \u20ac<\/strong>, 1er \u00e9quipement <strong>500 \u20ac<\/strong>, r\u00e9f\u00e9rent mobilit\u00e9 internationale <strong>500 \u20ac<\/strong>.<\/p>\n<p><strong>Contrat de professionnalisation \u2014 forfaits horaires :<\/strong><\/p>\n<ul>\n<li>Moins de 30 ans, niveau 7 : <strong>9,15 \u20ac\/h<\/strong><\/li>\n<li>Moins de 30 ans, niveaux 3 \u00e0 6 : <strong>12 \u20ac\/h<\/strong><\/li>\n<li>Plus de 30 ans, tous niveaux : <strong>14 \u20ac\/h<\/strong><\/li>\n<li>Public \u00ab\u00a0Nouvelle chance\u00a0\u00bb : <strong>15 \u20ac\/h<\/strong><\/li>\n<li>Contrats GEIQ : <strong>18 \u20ac\/h<\/strong><\/li>\n<\/ul>\n<p><strong>Plan de D\u00e9veloppement des Comp\u00e9tences \u2014 aide TPME (&lt;50 salari\u00e9s) :<\/strong> prise en charge \u00e0 <strong>100 %<\/strong> co\u00fbts p\u00e9dagogiques, r\u00e9mun\u00e9ration SMIC, frais annexes plafonn\u00e9s \u00e0 <strong>2 500 \u20ac\/an<\/strong>. Actions collectives : co\u00fbts p\u00e9dagogiques <strong>1 200 \u20ac\/jour<\/strong>.<\/p>\n<p><strong>Bilan de comp\u00e9tences :<\/strong> 24 h max, via aide TPME ou CIFA.<\/p>\n<p><strong>VAE :<\/strong> via aide TPME ou CIFA.<\/p>\n<p><strong>Frais stagiaires :<\/strong> repas <strong>22 \u20ac<\/strong>, nuit <strong>170 \u20ac<\/strong> (Paris\/92\/93\/94) ou <strong>150 \u20ac<\/strong> (autres d\u00e9partements).<\/p>\n<p><em>Ces chiffres correspondent au socle hors champ conventionnel. SSSMS, HP et SPSTI ont leurs propres bar\u00e8mes, souvent plus avantageux.<\/em><\/p>\n<p>\ud83d\udcc4 <a href=\"https:\/\/www.opco-sante.fr\/employeur\/financer-vos-formations\/les-regles-de-prise-en-charge\/\" target=\"_blank\" rel=\"noopener noreferrer\">R\u00e8gles de prise en charge<\/a> | <a href=\"https:\/\/www.opco-sante.fr\/actualites\/un-nouvel-assujettissement-a-la-taxe-d-apprentissage\/\" target=\"_blank\" rel=\"noopener noreferrer\">Nouvelle contribution SSSMS<\/a> | \ud83d\udccb <a href=\"https:\/\/www.opco-sante.fr\/nos-outils\/\" target=\"_blank\" rel=\"noopener noreferrer\">Bo\u00eete \u00e0 outils (fiches par secteur)<\/a><\/p>\n<p>\ud83d\udd17 <a href=\"https:\/\/www.opco-sante.fr\/\" target=\"_blank\" rel=\"noopener noreferrer\">Site officiel OPCO Sant\u00e9<\/a><\/p>\n<h2 id=\"ocapiat\">OCAPIAT \u2014 Agriculture, agroalimentaire, p\u00eache, territoires<\/h2>\n<p><img decoding=\"async\" src=\"https:\/\/ogma-insight.fr\/blog\/wp-content\/uploads\/2026\/04\/Accueil-Bienvenue-OCAPIAT.png\" alt=\"Logo OCAPIAT\" style=\"max-height:70px;\" \/><\/p>\n<p><strong>Secteur :<\/strong> Coop\u00e9ration agricole, agriculture, p\u00eache, industrie agro-alimentaire, territoires<\/p>\n<p><strong>BOOST Comp\u00e9tences<\/strong> (&lt;50 sal.) : co\u00fbts p\u00e9dagogiques <strong>50 %<\/strong>, plafonn\u00e9s \u00e0 <strong>1 500 \u20ac HT\/stagiaire\/dossier<\/strong> (soit <strong>750 \u20ac max<\/strong>). R\u00e9mun\u00e9ration forfait <strong>12 \u20ac\/h<\/strong>, uniquement pour salari\u00e9s <strong>50 ans et plus<\/strong>.<\/p>\n<p><strong>Parcours certifiants (100 %) :<\/strong> CQP et blocs CQP, Cl\u00e9A, TFP, certifications R\u00e9pertoire Sp\u00e9cifique. Co\u00fbts p\u00e9dagogiques int\u00e9graux + r\u00e9mun\u00e9ration <strong>12 \u20ac\/h<\/strong>.<\/p>\n<p><strong>Exemple \u2014 Production agricole<\/strong> (IDCC 7024, 7025, 7018) :<\/p>\n<ul>\n<li>Pr\u00e9vention (gestes\/postures, s\u00e9curit\u00e9, DUP) : <strong>15 \u20ac HT\/h<\/strong><\/li>\n<li>Hygi\u00e8ne (HACCP) : <strong>15 \u20ac HT\/h<\/strong><\/li>\n<li>Conduite (CACES, FIMO, FCOS, Permis C\/EC) : <strong>20 \u20ac HT\/h<\/strong><\/li>\n<li>Administration, Informatique, Langues, Techniques : <strong>40 \u20ac HT\/h<\/strong><\/li>\n<li>PSC1 : plafond <strong>70 \u20ac HT<\/strong><\/li>\n<\/ul>\n<p><strong>P\u00eache maritime \/ modules STCW :<\/strong> plafond <strong>2 300 \u20ac\/stagiaire<\/strong>.<\/p>\n<p><strong>Frais annexes :<\/strong> repas 3 \u20ac, nuit\u00e9e 6 \u20ac, kilom\u00e9trage 0,30 \u20ac\/km.<\/p>\n<p><em>Les bar\u00e8mes varient selon la branche (production agricole, coop\u00e9ration, IAA, p\u00eache). Consultez le PDF officiel pour votre IDCC.<\/em><\/p>\n<p>\ud83d\udcc4 <a href=\"https:\/\/www.ocapiat.fr\/wp-content\/uploads\/Regles-de-prise-en-charge-2026-OCAPIAT.pdf\" target=\"_blank\" rel=\"noopener noreferrer\">R\u00e8gles de prise en charge 2026 (PDF)<\/a> | \ud83d\udd17 <a href=\"https:\/\/www.ocapiat.fr\/\" target=\"_blank\" rel=\"noopener noreferrer\">Site officiel<\/a><\/p>\n<h2 id=\"constructys\">Constructys \u2014 B\u00e2timent, travaux publics, n\u00e9goce de mat\u00e9riaux<\/h2>\n<p><img decoding=\"async\" src=\"https:\/\/ogma-insight.fr\/blog\/wp-content\/uploads\/2026\/04\/logo-constructys.png\" alt=\"Logo Constructys\" style=\"max-height:70px;\" \/><\/p>\n<p><strong>Secteur :<\/strong> B\u00e2timent, travaux publics, n\u00e9goce de mat\u00e9riaux de construction<\/p>\n<p>Modalit\u00e9s 2026 applicables au 1er janvier, d\u00e9p\u00f4t des dossiers <strong>15 jours calendaires avant<\/strong> le d\u00e9but de la formation via eGestion.<\/p>\n<p><strong>B\u00e2timent &lt;50 salari\u00e9s :<\/strong><\/p>\n<ul>\n<li>Co\u00fbt p\u00e9dagogique horaire max : <strong>24 \u20ac HT\/h\/stagiaire<\/strong><\/li>\n<li>Plafond dur\u00e9e : <strong>300 h\/stagiaire<\/strong> (non qualifiantes), <strong>1 200 h\/stagiaire<\/strong> (qualifiantes)<\/li>\n<li>Frais annexes actions qualifiantes : <strong>8 % des co\u00fbts p\u00e9dagogiques<\/strong>, max <strong>1 500 \u20ac HT\/stagiaire<\/strong><\/li>\n<li>Participation frais salaires : <strong>15 \u20ac HT\/h<\/strong> (&lt;11 sal.), <strong>10 \u00e0 15 \u20ac\/h<\/strong> selon actions (11-49 sal.)<\/li>\n<\/ul>\n<p><strong>Travaux Publics &lt;11 sal. :<\/strong> transition \u00e9cologique\/num\u00e9rique \u00e0 <strong>32 \u20ac\/h<\/strong> hors budget annuel. CPF co-construit : remboursement 15 \u20ac\/h frais salaires sur temps de travail.<\/p>\n<p><strong>Actions sp\u00e9cifiques B\u00e2timent &lt;300 salari\u00e9s :<\/strong><\/p>\n<ul>\n<li>Coaching : <strong>125 \u20ac HT\/h\/groupe<\/strong>, plafond <strong>5 000 \u20ac HT\/an<\/strong><\/li>\n<li>P\u00e9rennisation des emplois : <strong>24 \u20ac HT\/h\/stagiaire<\/strong><\/li>\n<li>DIAG Performance RH\/num\u00e9rique\/\u00e9cologique : <strong>1 000 \u20ac HT\/jour<\/strong> (2 j diag + 6 j accompagnement)<\/li>\n<\/ul>\n<p><strong>Exemples TPE :<\/strong><\/p>\n<ul>\n<li>14 h : <strong>300 \u20ac HT<\/strong> co\u00fbt p\u00e9dagogique + <strong>210 \u20ac HT<\/strong> r\u00e9mun\u00e9ration (15 \u20ac\/h)<\/li>\n<li>21 h : <strong>450 \u20ac HT + 315 \u20ac HT<\/strong><\/li>\n<li>35 h : <strong>840 \u20ac HT + 525 \u20ac HT<\/strong><\/li>\n<\/ul>\n<p><em>Les modalit\u00e9s diff\u00e8rent entre B\u00e2timent, TP et N\u00e9goce. Consultez constructys.fr.<\/em><\/p>\n<p>\ud83d\udcc4 <a href=\"https:\/\/www.constructys.fr\/decouvrez-les-modalites-de-participation-financiere-2026\/\" target=\"_blank\" rel=\"noopener noreferrer\">Modalit\u00e9s 2026<\/a> | \ud83d\udccb <a href=\"https:\/\/www.constructys.fr\/financer-vos-projets-de-formation\/modalites-demandes-de-prise-charge\/conditions-de-prise-en-charge-2\/\" target=\"_blank\" rel=\"noopener noreferrer\">Conditions d\u00e9taill\u00e9es<\/a> | \ud83d\udd17 <a href=\"https:\/\/www.constructys.fr\/\" target=\"_blank\" rel=\"noopener noreferrer\">Site officiel<\/a><\/p>\n<h2 id=\"opcommerce\">L&rsquo;Opcommerce \u2014 Commerce de d\u00e9tail, de gros, e-commerce<\/h2>\n<p><img decoding=\"async\" src=\"https:\/\/ogma-insight.fr\/blog\/wp-content\/uploads\/2026\/04\/logo-opcommerce.png\" alt=\"Logo L'Opcommerce\" style=\"max-height:70px;\" \/><\/p>\n<p><strong>Secteur :<\/strong> Commerce de d\u00e9tail (alimentaire et non alimentaire), commerce de gros, e-commerce, grands magasins, commerce \u00e0 distance<\/p>\n<p>Crit\u00e8res en vigueur depuis le <strong>1er mars 2026<\/strong>, branche par branche. <strong>Exemple \u2014 commerces de d\u00e9tail non alimentaires<\/strong> (mise \u00e0 jour 24\/03\/2026) :<\/p>\n<p><strong>Plan de D\u00e9veloppement des Comp\u00e9tences &lt;50 salari\u00e9s \u2014 \u00ab\u00a0Comp\u00e9tences +\u00a0\u00bb :<\/strong><\/p>\n<ul>\n<li>&lt;11 salari\u00e9s : <strong>1 900 \u20ac\/an\/entreprise<\/strong> (co\u00fbts p\u00e9dagogiques au r\u00e9el)<\/li>\n<li>11-49 salari\u00e9s : <strong>2 500 \u20ac\/an\/entreprise<\/strong><\/li>\n<\/ul>\n<p><strong>Click &#038; Form<\/strong> (catalogue \u00e0 tarifs n\u00e9goci\u00e9s) : <strong>2 inscriptions\/an<\/strong> (&lt;11 sal.), <strong>4 inscriptions\/an<\/strong> (11-49 sal.).<\/p>\n<p><strong>Contrat de professionnalisation \u2014 forfaits horaires :<\/strong><\/p>\n<ul>\n<li>Certifications RNCP et qualifications CCN, tous publics : <strong>9,15 \u20ac\/h<\/strong><\/li>\n<li>Publics sp\u00e9cifiques (RSA, ASS, CUI, -26 ans sans dipl\u00f4me, +45 ans) : <strong>20 \u20ac\/h<\/strong><\/li>\n<li>Travailleurs handicap\u00e9s (RQTH\/AAH) : <strong>30 \u20ac\/h<\/strong><\/li>\n<li>CQP de branche : <strong>20 \u20ac\/h<\/strong><\/li>\n<li>Formation tuteur : <strong>15 \u20ac\/h<\/strong> dans la limite de 40 h<\/li>\n<li>Exercice de la fonction tutorale : <strong>80 \u20ac\/mois pendant 6 mois<\/strong><\/li>\n<\/ul>\n<p><strong>Contrat d&rsquo;apprentissage :<\/strong> NPEC France Comp\u00e9tences, valeurs d&rsquo;amor\u00e7age si non r\u00e9f\u00e9renc\u00e9e : <strong>5 470 \u20ac<\/strong> (niveau 3), <strong>5 621 \u20ac<\/strong> (niveau 4), <strong>6 000 \u20ac<\/strong> (niveaux 5-6), <strong>7 000 \u20ac<\/strong> (niveaux 7-8). EFT : <strong>80 \u20ac\/mois \u00d7 4 mois<\/strong>. Formation ma\u00eetre d&rsquo;apprentissage : <strong>15 \u20ac\/h \u00d7 40 h<\/strong> max.<\/p>\n<p><strong>P\u00e9riode de reconversion :<\/strong> RNCP <strong>25 \u20ac\/h<\/strong>, plafond <strong>5 000 \u20ac<\/strong> ; Cl\u00e9A <strong>25 \u20ac\/h<\/strong>, plafond <strong>3 000 \u20ac<\/strong>.<\/p>\n<p><strong>R\u00e8gles prudentielles :<\/strong> d\u00e9p\u00f4t du 1er janvier au 30 novembre 2026. Refus possible si demande re\u00e7ue +3 mois apr\u00e8s d\u00e9but de formation.<\/p>\n<p><em>Chaque branche du commerce a ses propres bar\u00e8mes. L&rsquo;exemple non alimentaire ne peut \u00eatre g\u00e9n\u00e9ralis\u00e9.<\/em><\/p>\n<p>\ud83d\udcc4 <a href=\"https:\/\/www.lopcommerce.com\/media\/0fddqg4x\/cpc_cdna.pdf\" target=\"_blank\" rel=\"noopener noreferrer\">R\u00e8gles Commerces d\u00e9tail non alim (PDF)<\/a> | \ud83d\udd17 <a href=\"https:\/\/www.lopcommerce.com\/\" target=\"_blank\" rel=\"noopener noreferrer\">Site officiel<\/a><\/p>\n<h2 id=\"reperes\">Rep\u00e8res transversaux 2026<\/h2>\n<p><strong>SMIC horaire brut<\/strong> (d\u00e9cret 17\/12\/2025) : <strong>12,02 \u20ac\/h<\/strong> depuis le 1er janvier 2026.<\/p>\n<p><strong>Aide unique \u00e0 l&rsquo;apprentissage<\/strong> (d\u00e9cret 7\/03\/2026, contrats du 8 mars au 31 d\u00e9cembre 2026) : <strong>5 000 \u20ac<\/strong> pour les entreprises &lt;250 salari\u00e9s (dipl\u00f4mes jusqu&rsquo;au niveau 4), <strong>6 000 \u20ac<\/strong> si apprenti RQTH. Vers\u00e9e la premi\u00e8re ann\u00e9e uniquement.<\/p>\n<p><strong>Participation employeur Bac+3 et plus<\/strong> (niveaux 6-7) : <strong>750 \u20ac HT<\/strong> par contrat, factur\u00e9 par le CFA apr\u00e8s p\u00e9riode probatoire. Applicable \u00e0 tous les OPCO pour contrats conclus depuis juillet 2025.<\/p>\n<p><strong>P\u00e9riode de reconversion<\/strong> (1er f\u00e9vrier 2026) : prise en charge moyenne <strong>5 000 \u20ac\/parcours<\/strong>, forfait <strong>9,15 \u20ac\/h<\/strong> \u00e0 d\u00e9faut d&rsquo;accord de branche, minimum <strong>12 %<\/strong> de l&rsquo;enveloppe r\u00e9serv\u00e9e aux reconversions externes.<\/p>\n<p><strong>CPF \u2014 nouveaux plafonds<\/strong> (d\u00e9cret 24\/02\/2026) :<\/p>\n<ul>\n<li>Pas de plafond pour les formations RNCP<\/li>\n<li><strong>1 500 \u20ac<\/strong> pour le r\u00e9pertoire sp\u00e9cifique (hors Cl\u00e9A)<\/li>\n<li><strong>1 600 \u20ac<\/strong> pour les bilans de comp\u00e9tences<\/li>\n<li><strong>900 \u20ac<\/strong> pour le permis B (cofinancement tiers obligatoire \u2265100 \u20ac)<\/li>\n<li>Ticket mod\u00e9rateur salari\u00e9s : <strong>103,20 \u20ac<\/strong> (sauf exceptions)<\/li>\n<\/ul>\n<h2>Ce qu&rsquo;il faut retenir<\/h2>\n<p>Le paysage du financement OPCO en 2026 est marqu\u00e9 par trois mouvements de fond : une <strong>rationalisation budg\u00e9taire<\/strong> (r\u00e9duction des enveloppes Plan de D\u00e9veloppement des Comp\u00e9tences TPE-PME, \u00e9conomies demand\u00e9es aux OPCO), un <strong>renforcement des contr\u00f4les<\/strong> (v\u00e9rifications syst\u00e9matiques Qualiopi, NPEC r\u00e9vis\u00e9s, dossiers en ligne obligatoires), et une <strong>complexification des dispositifs<\/strong> (nouvelle p\u00e9riode de reconversion, TVA au 1er octobre, \u00e9volution du CPF).<\/p>\n<p>Pour les entreprises, le r\u00e9flexe strat\u00e9gique reste le m\u00eame : identifier son OPCO via son IDCC, <strong>consulter les crit\u00e8res actualis\u00e9s sur le site officiel de la branche concern\u00e9e<\/strong>, et d\u00e9poser les demandes <strong>suffisamment t\u00f4t<\/strong> dans l&rsquo;ann\u00e9e civile \u2014 les enveloppes mutualis\u00e9es s&rsquo;\u00e9puisent rapidement.<\/p>\n<p>Pour les organismes de formation, la certification Qualiopi reste la condition non n\u00e9gociable d&rsquo;acc\u00e8s \u00e0 l&rsquo;ensemble des fonds mutualis\u00e9s.<\/p>\n<figure style=\"margin:30px 0;\">\n<img decoding=\"async\" src=\"https:\/\/ogma-insight.fr\/blog\/wp-content\/uploads\/2026\/04\/qualiopi-opco-2026.jpg\" alt=\"Qualiopi, condition d'acc\u00e8s aux financements OPCO\" style=\"width:100%;height:auto;border-radius:8px;\" \/><figcaption style=\"font-size:0.9em;color:#666;text-align:center;font-style:italic;margin-top:8px;\">Sans certification Qualiopi, aucun fonds mutualis\u00e9 OPCO n&rsquo;est accessible aux organismes de formation. Photo : Adobe Stock.<\/figcaption><\/figure>\n<h2 id=\"qualiopi\">Et c\u00f4t\u00e9 Qualiopi dans tout \u00e7a ?<\/h2>\n<p>Un point m\u00e9rite d&rsquo;\u00eatre soulign\u00e9 : <strong>la certification Qualiopi est la condition d&rsquo;entr\u00e9e non n\u00e9gociable<\/strong> \u00e0 l&rsquo;ensemble des dispositifs pr\u00e9sent\u00e9s dans cet article. Sans Qualiopi, un organisme de formation ne peut acc\u00e9der \u00e0 aucun fonds mutualis\u00e9 OPCO, ni pour le Plan de D\u00e9veloppement des Comp\u00e9tences, ni pour l&rsquo;alternance, ni pour le CPF, ni pour la p\u00e9riode de reconversion.<\/p>\n<p>Depuis le 1er janvier 2022, cette certification est obligatoire pour tout organisme souhaitant faire financer ses actions de formation, de bilan de comp\u00e9tences, de VAE ou d&rsquo;apprentissage par des fonds publics ou mutualis\u00e9s. En 2026, les OPCO v\u00e9rifient syst\u00e9matiquement la validit\u00e9 du certificat Qualiopi avant tout accord de prise en charge \u2014 y compris pour les contrats d&rsquo;apprentissage.<\/p>\n<p>Concr\u00e8tement :<\/p>\n<ul>\n<li>Un organisme qui perd sa certification voit ses financements OPCO gel\u00e9s le jour m\u00eame.<\/li>\n<li>Pour les entreprises, v\u00e9rifier la certification Qualiopi de l&rsquo;organisme \u2014 et sa date de validit\u00e9 \u2014 fait partie des r\u00e9flexes essentiels avant tout engagement.<\/li>\n<li>Pour les organismes de formation, la pr\u00e9paration s\u00e9rieuse de l&rsquo;audit initial puis des audits de surveillance et de renouvellement conditionne directement la p\u00e9rennit\u00e9 du mod\u00e8le \u00e9conomique.<\/li>\n<\/ul>\n<p><strong>OGMA est un cabinet sp\u00e9cialis\u00e9 dans l&rsquo;accompagnement Qualiopi des organismes de formation<\/strong>, depuis la pr\u00e9paration de l&rsquo;audit initial jusqu&rsquo;au suivi post-certification. Nos prestations Petra (accompagnement \u00e0 la certification) et Aegis (suivi post-certification) sont pens\u00e9es pour s\u00e9curiser durablement la conformit\u00e9 aux 32 indicateurs du R\u00e9f\u00e9rentiel National Qualit\u00e9.<\/p>\n<p>\ud83d\udc49 <a href=\"https:\/\/ogma-insight.fr\/\" target=\"_blank\" rel=\"noopener noreferrer\">D\u00e9couvrir nos services sur ogma-insight.fr<\/a><\/p>\n<h2 id=\"liens\">Sites officiels des 11 OPCO<\/h2>\n<ul>\n<li><a href=\"https:\/\/www.afdas.com\/\" target=\"_blank\" rel=\"noopener noreferrer\">AFDAS<\/a> \u2014 Culture, m\u00e9dias, sport, tourisme<\/li>\n<li><a href=\"https:\/\/www.akto.fr\/\" target=\"_blank\" rel=\"noopener noreferrer\">AKTO<\/a> \u2014 Services \u00e0 forte intensit\u00e9 de main-d&rsquo;\u0153uvre<\/li>\n<li><a href=\"https:\/\/www.opco-atlas.fr\/\" target=\"_blank\" rel=\"noopener noreferrer\">OPCO Atlas<\/a> \u2014 Banque, assurance, conseil, num\u00e9rique<\/li>\n<li><a href=\"https:\/\/www.uniformation.fr\/\" target=\"_blank\" rel=\"noopener noreferrer\">Uniformation<\/a> \u2014 Coh\u00e9sion sociale, ESS<\/li>\n<li><a href=\"https:\/\/www.opco2i.fr\/\" target=\"_blank\" rel=\"noopener noreferrer\">OPCO 2i<\/a> \u2014 Industrie<\/li>\n<li><a href=\"https:\/\/www.opcoep.fr\/\" target=\"_blank\" rel=\"noopener noreferrer\">OPCO EP<\/a> \u2014 Entreprises de proximit\u00e9<\/li>\n<li><a href=\"https:\/\/www.opcomobilites.fr\/\" target=\"_blank\" rel=\"noopener noreferrer\">OPCO Mobilit\u00e9s<\/a> \u2014 Transport, automobile, logistique<\/li>\n<li><a href=\"https:\/\/www.opco-sante.fr\/\" target=\"_blank\" rel=\"noopener noreferrer\">OPCO Sant\u00e9<\/a> \u2014 Sanitaire, m\u00e9dico-social<\/li>\n<li><a href=\"https:\/\/www.ocapiat.fr\/\" target=\"_blank\" rel=\"noopener noreferrer\">OCAPIAT<\/a> \u2014 Agriculture, agroalimentaire, p\u00eache<\/li>\n<li><a href=\"https:\/\/www.constructys.fr\/\" target=\"_blank\" rel=\"noopener noreferrer\">Constructys<\/a> \u2014 BTP, n\u00e9goce mat\u00e9riaux<\/li>\n<li><a href=\"https:\/\/www.lopcommerce.com\/\" target=\"_blank\" rel=\"noopener noreferrer\">L&rsquo;Opcommerce<\/a> \u2014 Commerce<\/li>\n<\/ul>\n<div style=\"background-color:#E7F3FF;border-left:4px solid #1F3C8F;padding:15px;margin:20px 0;\">\n<p><strong>\ud83d\udccc Rappel important<\/strong><\/p>\n<p>Cet article a \u00e9t\u00e9 r\u00e9dig\u00e9 avec l&rsquo;aide de l&rsquo;intelligence artificielle. Les informations qu&rsquo;il contient refl\u00e8tent l&rsquo;\u00e9tat des sources officielles consult\u00e9es \u00e0 la date du 24 avril 2026. <strong>Les crit\u00e8res de financement \u00e9voluent fr\u00e9quemment en cours d&rsquo;ann\u00e9e<\/strong> selon la consommation des fonds, les arbitrages des branches professionnelles et les \u00e9volutions r\u00e9glementaires.<\/p>\n<p><strong>Chaque OPCO d\u00e9finit ses propres bar\u00e8mes, souvent branche par branche. Les exemples pr\u00e9sent\u00e9s sont donn\u00e9s \u00e0 titre illustratif et ne peuvent \u00eatre g\u00e9n\u00e9ralis\u00e9s.<\/strong> Il appartient au lecteur de v\u00e9rifier les modalit\u00e9s applicables \u00e0 sa situation sp\u00e9cifique aupr\u00e8s de l&rsquo;OPCO dont d\u00e9pend son entreprise, de son conseiller formation ou de son expert-comptable.<\/p>\n<p><em>Les logos des 11 OPCO affich\u00e9s dans cet article sont la propri\u00e9t\u00e9 de leurs d\u00e9tenteurs respectifs et sont utilis\u00e9s \u00e0 des fins purement informatives pour identifier les organismes mentionn\u00e9s. OGMA n&rsquo;entretient aucun lien de partenariat ou d&rsquo;affiliation avec ces organismes, hors de son r\u00f4le de consultant mandat\u00e9 pour certains d&rsquo;entre eux en tant qu&rsquo;auditeur externe.<\/em><\/p>\n<\/div>\n","protected":false},"excerpt":{"rendered":"<p>Article mis \u00e0 jour le 24 avril 2026 \u2014 prochaine r\u00e9vision pr\u00e9vue apr\u00e8s l&rsquo;entr\u00e9e en vigueur de la r\u00e9forme TVA [&hellip;]<\/p>\n","protected":false},"author":1,"featured_media":0,"comment_status":"open","ping_status":"open","sticky":false,"template":"","format":"standard","meta":{"site-sidebar-layout":"default","site-content-layout":"","ast-site-content-layout":"default","site-content-style":"default","site-sidebar-style":"default","ast-global-header-display":"","ast-banner-title-visibility":"","ast-main-header-display":"","ast-hfb-above-header-display":"","ast-hfb-below-header-display":"","ast-hfb-mobile-header-display":"","site-post-title":"","ast-breadcrumbs-content":"","ast-featured-img":"","footer-sml-layout":"","theme-transparent-header-meta":"","adv-header-id-meta":"","stick-header-meta":"","header-above-stick-meta":"","header-main-stick-meta":"","header-below-stick-meta":"","astra-migrate-meta-layouts":"default","ast-page-background-enabled":"default","ast-page-background-meta":{"desktop":{"background-color":"var(--ast-global-color-5)","background-image":"","background-repeat":"repeat","background-position":"center center","background-size":"auto","background-attachment":"scroll","background-type":"","background-media":"","overlay-type":"","overlay-color":"","overlay-opacity":"","overlay-gradient":""},"tablet":{"background-color":"","background-image":"","background-repeat":"repeat","background-position":"center center","background-size":"auto","background-attachment":"scroll","background-type":"","background-media":"","overlay-type":"","overlay-color":"","overlay-opacity":"","overlay-gradient":""},"mobile":{"background-color":"","background-image":"","background-repeat":"repeat","background-position":"center center","background-size":"auto","background-attachment":"scroll","background-type":"","background-media":"","overlay-type":"","overlay-color":"","overlay-opacity":"","overlay-gradient":""}},"ast-content-background-meta":{"desktop":{"background-color":"var(--ast-global-color-4)","background-image":"","background-repeat":"repeat","background-position":"center center","background-size":"auto","background-attachment":"scroll","background-type":"","background-media":"","overlay-type":"","overlay-color":"","overlay-opacity":"","overlay-gradient":""},"tablet":{"background-color":"var(--ast-global-color-4)","background-image":"","background-repeat":"repeat","background-position":"center center","background-size":"auto","background-attachment":"scroll","background-type":"","background-media":"","overlay-type":"","overlay-color":"","overlay-opacity":"","overlay-gradient":""},"mobile":{"background-color":"var(--ast-global-color-4)","background-image":"","background-repeat":"repeat","background-position":"center center","background-size":"auto","background-attachment":"scroll","background-type":"","background-media":"","overlay-type":"","overlay-color":"","overlay-opacity":"","overlay-gradient":""}},"footnotes":""},"categories":[1],"tags":[],"class_list":["post-158","post","type-post","status-publish","format-standard","hentry","category-non-classe"],"yoast_head":"<!-- This site is optimized with the Yoast SEO plugin v27.2 - https:\/\/yoast.com\/product\/yoast-seo-wordpress\/ -->\n<title>Financement OPCO 2026 : panorama des prises en charge des 11 op\u00e9rateurs - OGMA<\/title>\n<meta name=\"robots\" content=\"index, follow, max-snippet:-1, max-image-preview:large, max-video-preview:-1\" \/>\n<link rel=\"canonical\" href=\"https:\/\/ogma-insight.fr\/blog\/2026\/04\/25\/financement-opco-2026-panorama-des-prises-en-charge-des-11-operateurs\/\" \/>\n<meta property=\"og:locale\" content=\"fr_FR\" \/>\n<meta property=\"og:type\" content=\"article\" \/>\n<meta property=\"og:title\" content=\"Financement OPCO 2026 : panorama des prises en charge des 11 op\u00e9rateurs - OGMA\" \/>\n<meta property=\"og:description\" content=\"Article mis \u00e0 jour le 24 avril 2026 \u2014 prochaine r\u00e9vision pr\u00e9vue apr\u00e8s l&rsquo;entr\u00e9e en vigueur de la r\u00e9forme TVA [&hellip;]\" \/>\n<meta property=\"og:url\" content=\"https:\/\/ogma-insight.fr\/blog\/2026\/04\/25\/financement-opco-2026-panorama-des-prises-en-charge-des-11-operateurs\/\" \/>\n<meta property=\"og:site_name\" content=\"OGMA\" \/>\n<meta property=\"article:published_time\" content=\"2026-04-25T12:11:01+00:00\" \/>\n<meta property=\"article:modified_time\" content=\"2026-04-25T12:11:04+00:00\" \/>\n<meta property=\"og:image\" content=\"https:\/\/ogma-insight.fr\/blog\/wp-content\/uploads\/2026\/04\/header-formation-opco-2026.jpg\" \/>\n<meta name=\"author\" content=\"Vincent\" \/>\n<meta name=\"twitter:card\" content=\"summary_large_image\" \/>\n<meta name=\"twitter:label1\" content=\"\u00c9crit par\" \/>\n\t<meta name=\"twitter:data1\" content=\"Vincent\" \/>\n\t<meta name=\"twitter:label2\" content=\"Dur\u00e9e de lecture estim\u00e9e\" \/>\n\t<meta name=\"twitter:data2\" content=\"23 minutes\" \/>\n<!-- \/ Yoast SEO plugin. -->","yoast_head_json":{"title":"Financement OPCO 2026 : panorama des prises en charge des 11 op\u00e9rateurs - OGMA","robots":{"index":"index","follow":"follow","max-snippet":"max-snippet:-1","max-image-preview":"max-image-preview:large","max-video-preview":"max-video-preview:-1"},"canonical":"https:\/\/ogma-insight.fr\/blog\/2026\/04\/25\/financement-opco-2026-panorama-des-prises-en-charge-des-11-operateurs\/","og_locale":"fr_FR","og_type":"article","og_title":"Financement OPCO 2026 : panorama des prises en charge des 11 op\u00e9rateurs - OGMA","og_description":"Article mis \u00e0 jour le 24 avril 2026 \u2014 prochaine r\u00e9vision pr\u00e9vue apr\u00e8s l&rsquo;entr\u00e9e en vigueur de la r\u00e9forme TVA [&hellip;]","og_url":"https:\/\/ogma-insight.fr\/blog\/2026\/04\/25\/financement-opco-2026-panorama-des-prises-en-charge-des-11-operateurs\/","og_site_name":"OGMA","article_published_time":"2026-04-25T12:11:01+00:00","article_modified_time":"2026-04-25T12:11:04+00:00","og_image":[{"url":"https:\/\/ogma-insight.fr\/blog\/wp-content\/uploads\/2026\/04\/header-formation-opco-2026.jpg","type":"","width":"","height":""}],"author":"Vincent","twitter_card":"summary_large_image","twitter_misc":{"\u00c9crit par":"Vincent","Dur\u00e9e de lecture estim\u00e9e":"23 minutes"},"schema":{"@context":"https:\/\/schema.org","@graph":[{"@type":"Article","@id":"https:\/\/ogma-insight.fr\/blog\/2026\/04\/25\/financement-opco-2026-panorama-des-prises-en-charge-des-11-operateurs\/#article","isPartOf":{"@id":"https:\/\/ogma-insight.fr\/blog\/2026\/04\/25\/financement-opco-2026-panorama-des-prises-en-charge-des-11-operateurs\/"},"author":{"name":"Vincent","@id":"https:\/\/ogma-insight.fr\/blog\/#\/schema\/person\/e6e4a0c2143969fb0b4a5940475b19a4"},"headline":"Financement OPCO 2026 : panorama des prises en charge des 11 op\u00e9rateurs","datePublished":"2026-04-25T12:11:01+00:00","dateModified":"2026-04-25T12:11:04+00:00","mainEntityOfPage":{"@id":"https:\/\/ogma-insight.fr\/blog\/2026\/04\/25\/financement-opco-2026-panorama-des-prises-en-charge-des-11-operateurs\/"},"wordCount":3978,"commentCount":0,"publisher":{"@id":"https:\/\/ogma-insight.fr\/blog\/#organization"},"image":{"@id":"https:\/\/ogma-insight.fr\/blog\/2026\/04\/25\/financement-opco-2026-panorama-des-prises-en-charge-des-11-operateurs\/#primaryimage"},"thumbnailUrl":"https:\/\/ogma-insight.fr\/blog\/wp-content\/uploads\/2026\/04\/header-formation-opco-2026.jpg","inLanguage":"fr-FR","potentialAction":[{"@type":"CommentAction","name":"Comment","target":["https:\/\/ogma-insight.fr\/blog\/2026\/04\/25\/financement-opco-2026-panorama-des-prises-en-charge-des-11-operateurs\/#respond"]}]},{"@type":"WebPage","@id":"https:\/\/ogma-insight.fr\/blog\/2026\/04\/25\/financement-opco-2026-panorama-des-prises-en-charge-des-11-operateurs\/","url":"https:\/\/ogma-insight.fr\/blog\/2026\/04\/25\/financement-opco-2026-panorama-des-prises-en-charge-des-11-operateurs\/","name":"Financement OPCO 2026 : panorama des prises en charge des 11 op\u00e9rateurs - OGMA","isPartOf":{"@id":"https:\/\/ogma-insight.fr\/blog\/#website"},"primaryImageOfPage":{"@id":"https:\/\/ogma-insight.fr\/blog\/2026\/04\/25\/financement-opco-2026-panorama-des-prises-en-charge-des-11-operateurs\/#primaryimage"},"image":{"@id":"https:\/\/ogma-insight.fr\/blog\/2026\/04\/25\/financement-opco-2026-panorama-des-prises-en-charge-des-11-operateurs\/#primaryimage"},"thumbnailUrl":"https:\/\/ogma-insight.fr\/blog\/wp-content\/uploads\/2026\/04\/header-formation-opco-2026.jpg","datePublished":"2026-04-25T12:11:01+00:00","dateModified":"2026-04-25T12:11:04+00:00","breadcrumb":{"@id":"https:\/\/ogma-insight.fr\/blog\/2026\/04\/25\/financement-opco-2026-panorama-des-prises-en-charge-des-11-operateurs\/#breadcrumb"},"inLanguage":"fr-FR","potentialAction":[{"@type":"ReadAction","target":["https:\/\/ogma-insight.fr\/blog\/2026\/04\/25\/financement-opco-2026-panorama-des-prises-en-charge-des-11-operateurs\/"]}]},{"@type":"ImageObject","inLanguage":"fr-FR","@id":"https:\/\/ogma-insight.fr\/blog\/2026\/04\/25\/financement-opco-2026-panorama-des-prises-en-charge-des-11-operateurs\/#primaryimage","url":"https:\/\/ogma-insight.fr\/blog\/wp-content\/uploads\/2026\/04\/header-formation-opco-2026.jpg","contentUrl":"https:\/\/ogma-insight.fr\/blog\/wp-content\/uploads\/2026\/04\/header-formation-opco-2026.jpg","width":1200,"height":675},{"@type":"BreadcrumbList","@id":"https:\/\/ogma-insight.fr\/blog\/2026\/04\/25\/financement-opco-2026-panorama-des-prises-en-charge-des-11-operateurs\/#breadcrumb","itemListElement":[{"@type":"ListItem","position":1,"name":"Accueil","item":"https:\/\/ogma-insight.fr\/blog\/"},{"@type":"ListItem","position":2,"name":"Financement OPCO 2026 : panorama des prises en charge des 11 op\u00e9rateurs"}]},{"@type":"WebSite","@id":"https:\/\/ogma-insight.fr\/blog\/#website","url":"https:\/\/ogma-insight.fr\/blog\/","name":"OGMA Insight blog","description":"Le blog de la qualit\u00e9 autour de la formation et de Qualiopi","publisher":{"@id":"https:\/\/ogma-insight.fr\/blog\/#organization"},"potentialAction":[{"@type":"SearchAction","target":{"@type":"EntryPoint","urlTemplate":"https:\/\/ogma-insight.fr\/blog\/?s={search_term_string}"},"query-input":{"@type":"PropertyValueSpecification","valueRequired":true,"valueName":"search_term_string"}}],"inLanguage":"fr-FR"},{"@type":"Organization","@id":"https:\/\/ogma-insight.fr\/blog\/#organization","name":"OGMA Insight blog","url":"https:\/\/ogma-insight.fr\/blog\/","logo":{"@type":"ImageObject","inLanguage":"fr-FR","@id":"https:\/\/ogma-insight.fr\/blog\/#\/schema\/logo\/image\/","url":"https:\/\/ogma-insight.fr\/blog\/wp-content\/uploads\/2025\/10\/cropped-OGMA-INSIGHT-BLANC-v2-1.png","contentUrl":"https:\/\/ogma-insight.fr\/blog\/wp-content\/uploads\/2025\/10\/cropped-OGMA-INSIGHT-BLANC-v2-1.png","width":356,"height":355,"caption":"OGMA Insight blog"},"image":{"@id":"https:\/\/ogma-insight.fr\/blog\/#\/schema\/logo\/image\/"}},{"@type":"Person","@id":"https:\/\/ogma-insight.fr\/blog\/#\/schema\/person\/e6e4a0c2143969fb0b4a5940475b19a4","name":"Vincent","image":{"@type":"ImageObject","inLanguage":"fr-FR","@id":"https:\/\/secure.gravatar.com\/avatar\/b6d31527bb22bceaa788c0afeedf132063dd1c238ab3a24b15ce16c866b041e1?s=96&d=mm&r=g","url":"https:\/\/secure.gravatar.com\/avatar\/b6d31527bb22bceaa788c0afeedf132063dd1c238ab3a24b15ce16c866b041e1?s=96&d=mm&r=g","contentUrl":"https:\/\/secure.gravatar.com\/avatar\/b6d31527bb22bceaa788c0afeedf132063dd1c238ab3a24b15ce16c866b041e1?s=96&d=mm&r=g","caption":"Vincent"},"sameAs":["https:\/\/ogma-insight.fr\/blog"],"url":"https:\/\/ogma-insight.fr\/blog\/author\/ogmaadmin\/"}]}},"_links":{"self":[{"href":"https:\/\/ogma-insight.fr\/blog\/wp-json\/wp\/v2\/posts\/158","targetHints":{"allow":["GET"]}}],"collection":[{"href":"https:\/\/ogma-insight.fr\/blog\/wp-json\/wp\/v2\/posts"}],"about":[{"href":"https:\/\/ogma-insight.fr\/blog\/wp-json\/wp\/v2\/types\/post"}],"author":[{"embeddable":true,"href":"https:\/\/ogma-insight.fr\/blog\/wp-json\/wp\/v2\/users\/1"}],"replies":[{"embeddable":true,"href":"https:\/\/ogma-insight.fr\/blog\/wp-json\/wp\/v2\/comments?post=158"}],"version-history":[{"count":8,"href":"https:\/\/ogma-insight.fr\/blog\/wp-json\/wp\/v2\/posts\/158\/revisions"}],"predecessor-version":[{"id":184,"href":"https:\/\/ogma-insight.fr\/blog\/wp-json\/wp\/v2\/posts\/158\/revisions\/184"}],"wp:attachment":[{"href":"https:\/\/ogma-insight.fr\/blog\/wp-json\/wp\/v2\/media?parent=158"}],"wp:term":[{"taxonomy":"category","embeddable":true,"href":"https:\/\/ogma-insight.fr\/blog\/wp-json\/wp\/v2\/categories?post=158"},{"taxonomy":"post_tag","embeddable":true,"href":"https:\/\/ogma-insight.fr\/blog\/wp-json\/wp\/v2\/tags?post=158"}],"curies":[{"name":"wp","href":"https:\/\/api.w.org\/{rel}","templated":true}]}}